{"id":5,"date":"2016-03-04T16:38:40","date_gmt":"2016-03-04T16:38:40","guid":{"rendered":"http:\/\/www.avisturate.it\/blog\/?p=5"},"modified":"2021-04-14T00:17:41","modified_gmt":"2021-04-13T22:17:41","slug":"il-nostro-primo-post","status":"publish","type":"post","link":"http:\/\/www.avisturate.it\/blog\/consiglio-direttivo\/il-nostro-primo-post\/","title":{"rendered":"Il nostro nuovo presidente"},"content":{"rendered":"<p>Cari amici e donatori,<\/p>\n<p style=\"text-align: left;\">la sezione Avis di Turate \u00e8 lieta di presentarvi il suo nuovo presidente. Si chiama <strong>Giusy Cozzi<\/strong> ed \u00e8 il primo presidente donna nella storia del sodalizio turatese (dopo 37 anni era davvero ora!). Dal lontano 1992, Giusy si \u00e8 contraddistinta per l&#8217;impegno nella nostra sezione, come segretaria prima e come delegata al bilancio negli ultimi 8 anni. A sceglierla come nuovo presidente \u00e8 stato il consiglio direttivo, votato dai donatori nell&#8217;assemblea annuale del 29 febbraio.<\/p>\n<p style=\"text-align: left;\"><a href=\"https:\/\/i0.wp.com\/www.avisturate.it\/blog\/wp-content\/uploads\/2016\/03\/DSC_1360.jpg\" rel=\"attachment wp-att-9\"><img data-recalc-dims=\"1\" loading=\"lazy\" decoding=\"async\" data-attachment-id=\"9\" data-permalink=\"http:\/\/www.avisturate.it\/blog\/consiglio-direttivo\/il-nostro-primo-post\/attachment\/dsc_1360\/\" data-orig-file=\"https:\/\/i0.wp.com\/www.avisturate.it\/blog\/wp-content\/uploads\/2016\/03\/DSC_1360.jpg?fit=4608%2C3072\" data-orig-size=\"4608,3072\" data-comments-opened=\"1\" data-image-meta=\"{&quot;aperture&quot;:&quot;4.8&quot;,&quot;credit&quot;:&quot;&quot;,&quot;camera&quot;:&quot;NIKON D3100&quot;,&quot;caption&quot;:&quot;&quot;,&quot;created_timestamp&quot;:&quot;1457146639&quot;,&quot;copyright&quot;:&quot;&quot;,&quot;focal_length&quot;:&quot;46&quot;,&quot;iso&quot;:&quot;1100&quot;,&quot;shutter_speed&quot;:&quot;0.0166666666667&quot;,&quot;title&quot;:&quot;&quot;,&quot;orientation&quot;:&quot;1&quot;}\" data-image-title=\"DSC_1360\" data-image-description=\"\" data-image-caption=\"\" data-large-file=\"https:\/\/i0.wp.com\/www.avisturate.it\/blog\/wp-content\/uploads\/2016\/03\/DSC_1360.jpg?fit=1024%2C683\" class=\"size-medium wp-image-9 aligncenter\" src=\"https:\/\/i0.wp.com\/www.avisturate.it\/blog\/wp-content\/uploads\/2016\/03\/DSC_1360.jpg?resize=300%2C200\" alt=\"DSC_1360\" width=\"300\" height=\"200\" srcset=\"https:\/\/i0.wp.com\/www.avisturate.it\/blog\/wp-content\/uploads\/2016\/03\/DSC_1360.jpg?resize=300%2C200 300w, https:\/\/i0.wp.com\/www.avisturate.it\/blog\/wp-content\/uploads\/2016\/03\/DSC_1360.jpg?resize=768%2C512 768w, https:\/\/i0.wp.com\/www.avisturate.it\/blog\/wp-content\/uploads\/2016\/03\/DSC_1360.jpg?resize=1024%2C683 1024w, https:\/\/i0.wp.com\/www.avisturate.it\/blog\/wp-content\/uploads\/2016\/03\/DSC_1360.jpg?w=2000 2000w, https:\/\/i0.wp.com\/www.avisturate.it\/blog\/wp-content\/uploads\/2016\/03\/DSC_1360.jpg?w=3000 3000w\" sizes=\"auto, (max-width: 300px) 100vw, 300px\" \/><\/a><\/p>\n<blockquote>\n<p style=\"text-align: center;\">Ora non \u00e8 il momento di pensare a quello che non hai. Pensa a quello che puoi fare con quello che hai<\/p>\n<\/blockquote>\n<p style=\"text-align: left;\">Un&#8217;altra grande novit\u00e0 che ha investito la nostra sezione in questo 2016 di importanti cambiamenti \u00e8 stato l&#8217;ampliamento del consiglio direttivo, che da 9 \u00e8 passato a 13 componenti.<\/p>\n<p style=\"text-align: left;\">Ecco la sua composizione:<\/p>\n<p style=\"text-align: left;\"><strong>Michele Deponti<\/strong>, vicepresidente<\/p>\n<p style=\"text-align: left;\"><strong>Fabio Baldo<\/strong>, tesoriere<\/p>\n<p style=\"text-align: left;\"><strong>Paolo Mason<\/strong>, <strong>Luisa Mantegazza<\/strong> e <strong>Giulia Falcone<\/strong>; segretari<\/p>\n<p style=\"text-align: left;\"><strong>Davide Bellombra<\/strong>, delegato alla comunicazione e all&#8217;organizzazione di eventi<\/p>\n<p style=\"text-align: left;\"><strong>Riccardo Deponti<\/strong> e <strong>Marco Pagani<\/strong>. delegati alla gestione delle convenzioni<\/p>\n<p style=\"text-align: left;\"><strong>Elisa Perotta<\/strong>, delegata al bilancio<\/p>\n<p style=\"text-align: left;\"><strong>Riccardo Toffano<\/strong>, webmaster e gestore dei donatori<\/p>\n<p style=\"text-align: left;\"><strong>Rosario Rasizzi Scalora<\/strong> e <strong>Giusy Giampietro<\/strong>, delegati alla gestione della sede<\/p>\n<p style=\"text-align: left;\">Cogliamo l&#8217;occasione per ringraziare il presidente uscente Paolo Mason per il magistrale lavoro compiuto negli ultimi 2 mandati, i collaboratori <strong>Anna Cariello<\/strong>,\u00a0<strong>Luciano Toffano <\/strong>e <strong>Davide Restelli<\/strong>, il revisore dei conti <strong>Silvana Filippini<\/strong> e per ultimo, ma non certo per importanza, il direttore sanitario <strong>Marco Simonini<\/strong>.<\/p>\n<p style=\"text-align: left;\">Rimanete sintonizzati su Avis Turate&#8230;.<\/p>\n<p style=\"text-align: left;\">Alla prossima!<\/p>\n<!--CusAds0-->\n<div style=\"font-size: 0px; height: 0px; line-height: 0px; margin: 0; padding: 0; clear: both;\"><\/div>","protected":false},"excerpt":{"rendered":"<p>Cari amici e donatori, la sezione Avis di Turate \u00e8 lieta di presentarvi il suo nuovo presidente. Si chiama Giusy Cozzi ed \u00e8 il primo presidente donna nella storia del sodalizio turatese (dopo 37 anni era davvero ora!). Dal lontano 1992, Giusy si \u00e8 contraddistinta per l&#8217;impegno nella nostra sezione, come segretaria prima e come [&hellip;]<\/p>\n","protected":false},"author":1,"featured_media":0,"comment_status":"closed","ping_status":"open","sticky":false,"template":"","format":"standard","meta":{"_jetpack_newsletter_access":"","_jetpack_dont_email_post_to_subs":false,"_jetpack_newsletter_tier_id":0,"_jetpack_memberships_contains_paywalled_content":false,"_jetpack_memberships_contains_paid_content":false,"footnotes":"","jetpack_publicize_message":"","jetpack_publicize_feature_enabled":true,"jetpack_social_post_already_shared":false,"jetpack_social_options":{"image_generator_settings":{"template":"highway","default_image_id":0,"font":"","enabled":false},"version":2},"jetpack_post_was_ever_published":false},"categories":[14,3],"tags":[5,6,7,8],"class_list":["post-5","post","type-post","status-publish","format-standard","hentry","category-blog","category-consiglio-direttivo","tag-avis","tag-consiglio-direttivo","tag-presidente","tag-turate"],"jetpack_publicize_connections":[],"jetpack_featured_media_url":"","jetpack_sharing_enabled":true,"jetpack_shortlink":"https:\/\/wp.me\/p7jb48-5","jetpack-related-posts":[],"_links":{"self":[{"href":"http:\/\/www.avisturate.it\/blog\/wp-json\/wp\/v2\/posts\/5","targetHints":{"allow":["GET"]}}],"collection":[{"href":"http:\/\/www.avisturate.it\/blog\/wp-json\/wp\/v2\/posts"}],"about":[{"href":"http:\/\/www.avisturate.it\/blog\/wp-json\/wp\/v2\/types\/post"}],"author":[{"embeddable":true,"href":"http:\/\/www.avisturate.it\/blog\/wp-json\/wp\/v2\/users\/1"}],"replies":[{"embeddable":true,"href":"http:\/\/www.avisturate.it\/blog\/wp-json\/wp\/v2\/comments?post=5"}],"version-history":[{"count":6,"href":"http:\/\/www.avisturate.it\/blog\/wp-json\/wp\/v2\/posts\/5\/revisions"}],"predecessor-version":[{"id":107,"href":"http:\/\/www.avisturate.it\/blog\/wp-json\/wp\/v2\/posts\/5\/revisions\/107"}],"wp:attachment":[{"href":"http:\/\/www.avisturate.it\/blog\/wp-json\/wp\/v2\/media?parent=5"}],"wp:term":[{"taxonomy":"category","embeddable":true,"href":"http:\/\/www.avisturate.it\/blog\/wp-json\/wp\/v2\/categories?post=5"},{"taxonomy":"post_tag","embeddable":true,"href":"http:\/\/www.avisturate.it\/blog\/wp-json\/wp\/v2\/tags?post=5"}],"curies":[{"name":"wp","href":"https:\/\/api.w.org\/{rel}","templated":true}]}}